[{"@context":"https:\/\/schema.org\/","@type":"Article","@id":"https:\/\/www.atkno.cz\/bez-planovani\/#Article","mainEntityOfPage":"https:\/\/www.atkno.cz\/bez-planovani\/","headline":"Bez pl\u00e1nov\u00e1n\u00ed","name":"Bez pl\u00e1nov\u00e1n\u00ed","description":"Nem\u011bli jste v posledn\u00edch m\u011bs\u00edc\u00edch v\u016fbec \u010das na to, pl\u00e1novat letn\u00ed dovolenou? M\u011bli jste tolik pr\u00e1ce, \u017ee v\u00e1s v\u016fbec nenapadlo, co budete d\u011blat, a\u017e ta pr\u00e1ce skon\u010d\u00ed a budete m\u00edt trochu voln\u011bji? Zde je nab\u00eddka posledn\u00edch m\u00edst ubytov\u00e1n\u00ed v Jesen\u00edk\u00e1ch. M\u016f\u017eete si u\u017e\u00edt odpo\u010dinku p\u0159i objevov\u00e1n\u00ed \u010desk\u00e9 p\u0159\u00edrody nebo p\u0159i opalov\u00e1n\u00ed i na\u0161ich kr\u00e1sn\u00fdch jezer","datePublished":"2025-03-28","dateModified":"2025-03-28","author":{"@type":"Person","@id":"https:\/\/www.atkno.cz\/author\/#Person","name":"","url":"https:\/\/www.atkno.cz\/author\/","identifier":1,"image":{"@type":"ImageObject","@id":"https:\/\/secure.gravatar.com\/avatar\/a231d13c7dfc9c75f2343f864438f5ab9c0bfebd1aa37dfd3bb16118c04f838c?s=96&d=mm&r=g","url":"https:\/\/secure.gravatar.com\/avatar\/a231d13c7dfc9c75f2343f864438f5ab9c0bfebd1aa37dfd3bb16118c04f838c?s=96&d=mm&r=g","height":96,"width":96}},"publisher":{"@type":"Organization","name":"atkno.cz","logo":{"@type":"ImageObject","@id":"\/logo.png","url":"\/logo.png","width":600,"height":60}},"url":"https:\/\/www.atkno.cz\/bez-planovani\/","wordCount":196,"articleBody":"Nem\u011bli jste v posledn\u00edch m\u011bs\u00edc\u00edch v\u016fbec \u010das na to, pl\u00e1novat letn\u00ed dovolenou? M\u011bli jste tolik pr\u00e1ce, \u017ee v\u00e1s v\u016fbec nenapadlo, co budete d\u011blat, a\u017e ta pr\u00e1ce skon\u010d\u00ed a budete m\u00edt trochu voln\u011bji? Zde je nab\u00eddka posledn\u00edch m\u00edst ubytov\u00e1n\u00ed v Jesen\u00edk\u00e1ch. M\u016f\u017eete si u\u017e\u00edt odpo\u010dinku p\u0159i objevov\u00e1n\u00ed \u010desk\u00e9 p\u0159\u00edrody nebo p\u0159i opalov\u00e1n\u00ed i na\u0161ich kr\u00e1sn\u00fdch jezer a rybn\u00edk\u016f.P\u00e1r dn\u00ed p\u0159edemKdy\u017e toho m\u00e1me hodn\u011b co na pr\u00e1ci, pak nep\u0159em\u00fd\u0161l\u00edme nad ni\u010d\u00edm jin\u00fdm. Nebo\u0165 pomy\u0161len\u00ed na dovolenou, na pl\u00e1ny na v\u00edkend, by n\u00e1s hned svedly z cesty soust\u0159ed\u011bn\u00ed a na\u0161e pr\u00e1ce by se o to v\u00edce prot\u00e1hla. Pokud i v\u00e1m se nepoda\u0159ilo napl\u00e1novat si dovolenou d\u0159\u00edve ne\u017e p\u00e1r dn\u00ed p\u0159ed jej\u00edm za\u010d\u00e1tkem, pak si nezoufejte. Ubytov\u00e1n\u00ed Jesen\u00edky st\u00e1le nab\u00edz\u00ed voln\u00e1 m\u00edsta do chatek a hotel\u016f, kter\u00e9 si m\u016f\u017eete zaplatit.                                                                                                                                                                                                                                                                                                                                                                                        5\/5 - (1 vote)        "},{"@context":"https:\/\/schema.org\/","@type":"BreadcrumbList","itemListElement":[{"@type":"ListItem","position":1,"name":"Bez pl\u00e1nov\u00e1n\u00ed","item":"https:\/\/www.atkno.cz\/bez-planovani\/#breadcrumbitem"}]}]