[{"@context":"https:\/\/schema.org\/","@type":"Article","@id":"https:\/\/www.atkno.cz\/bojujte-proti-podzimnim-depresim\/#Article","mainEntityOfPage":"https:\/\/www.atkno.cz\/bojujte-proti-podzimnim-depresim\/","headline":"Bojujte proti podzimn\u00edm depres\u00edm","name":"Bojujte proti podzimn\u00edm depres\u00edm","description":"Slunce se uk\u00e1\u017ee jen na p\u00e1r chvil tak jedenkr\u00e1t t\u00fddn\u011b, je sychravo, \u010dast\u00e9 mlhy a d\u00e9\u0161\u0165 ni\u010d\u00ed na\u0161\u00ed psychickou pohodu, proto\u017ee \u010dlov\u011bk bez slunce brzy za\u010dne propadat poklesl\u00e9 n\u00e1lad\u011b a sez\u00f3nn\u00edm depres\u00edm. Jde proti tomu n\u011bjak bojovat? Nikdo z n\u00e1s p\u0159eci nechce m\u00edt neust\u00e1le \u0161patnou n\u00e1ladu a nikdo z n\u00e1s nechce b\u00fdt nevrl\u00fd a protivn\u00fd","datePublished":"2024-04-08","dateModified":"2024-04-08","author":{"@type":"Person","@id":"https:\/\/www.atkno.cz\/author\/#Person","name":"","url":"https:\/\/www.atkno.cz\/author\/","identifier":1,"image":{"@type":"ImageObject","@id":"https:\/\/secure.gravatar.com\/avatar\/a231d13c7dfc9c75f2343f864438f5ab9c0bfebd1aa37dfd3bb16118c04f838c?s=96&d=mm&r=g","url":"https:\/\/secure.gravatar.com\/avatar\/a231d13c7dfc9c75f2343f864438f5ab9c0bfebd1aa37dfd3bb16118c04f838c?s=96&d=mm&r=g","height":96,"width":96}},"publisher":{"@type":"Organization","name":"atkno.cz","logo":{"@type":"ImageObject","@id":"\/logo.png","url":"\/logo.png","width":600,"height":60}},"url":"https:\/\/www.atkno.cz\/bojujte-proti-podzimnim-depresim\/","wordCount":228,"articleBody":"Slunce se uk\u00e1\u017ee jen na p\u00e1r chvil tak jedenkr\u00e1t t\u00fddn\u011b, je sychravo, \u010dast\u00e9 mlhy a d\u00e9\u0161\u0165 ni\u010d\u00ed na\u0161\u00ed psychickou pohodu, proto\u017ee \u010dlov\u011bk bez slunce brzy za\u010dne propadat poklesl\u00e9 n\u00e1lad\u011b a sez\u00f3nn\u00edm depres\u00edm. Jde proti tomu n\u011bjak bojovat? Nikdo z n\u00e1s p\u0159eci nechce m\u00edt neust\u00e1le \u0161patnou n\u00e1ladu a nikdo z n\u00e1s nechce b\u00fdt nevrl\u00fd a protivn\u00fd na sv\u00e9 okol\u00ed. Abychom si u\u017eili lep\u0161\u00ed n\u00e1lady i p\u0159es ro\u010dn\u00ed obdob\u00ed, kter\u00e1 sluncem zrovna neopl\u00fdvaj\u00ed, m\u011bli bychom si alespo\u0148 jednou za toto obdob\u00ed vybrat kvalitn\u00ed wellness pobyt. D\u00edky n\u011bmu zapomeneme, \u017ee n\u00e1s slunce chyb\u00ed. Skute\u010dn\u011b to funguje, m\u00e1me to odzkou\u0161en\u00e9!\tBojujte proti depres\u00edm po cel\u00fd rokAle nen\u00ed to jen o tom vybrat si wellness pobyty po dobu sychrav\u00fdch dn\u00ed, dobrou n\u00e1ladu a kvalitn\u00ed odpo\u010dinek si p\u0159eci zaslou\u017e\u00edme m\u00edt po\u0159\u00e1d! A tak\u00e9 proto si na\u0161\u00ed nab\u00eddky m\u016f\u017eete u\u017e\u00edvat skute\u010dn\u011b po cel\u00fd rok, proto\u017ee n\u00e1mi nab\u00edzen\u00fd sortiment m\u00e1 celoro\u010dn\u00ed charakter. Nez\u00e1le\u017e\u00ed tak na tom, zda je venku pod nulou nebo panuj\u00ed parn\u00e1 vedra, jestli lije jako z konve nebo je dusiv\u00e9 sucho, na\u0161ich wellness procedur si m\u016f\u017eete u\u017e\u00edvat neust\u00e1le!                                                                                                                                                                                                                                                                                                                                                                                        4.1\/5 - (8 votes)        "},{"@context":"https:\/\/schema.org\/","@type":"BreadcrumbList","itemListElement":[{"@type":"ListItem","position":1,"name":"Bojujte proti podzimn\u00edm depres\u00edm","item":"https:\/\/www.atkno.cz\/bojujte-proti-podzimnim-depresim\/#breadcrumbitem"}]}]