[{"@context":"https:\/\/schema.org\/","@type":"Article","@id":"https:\/\/www.atkno.cz\/moc-veci-a-malo-mista\/#Article","mainEntityOfPage":"https:\/\/www.atkno.cz\/moc-veci-a-malo-mista\/","headline":"Moc v\u011bc\u00ed a m\u00e1lo m\u00edsta","name":"Moc v\u011bc\u00ed a m\u00e1lo m\u00edsta","description":"Chcete m\u00edt organizovan\u00fd domov? Mnoho lid\u00ed, a hlavn\u011b zase \u017eeny, si na\u0161lo oblibu ve sledov\u00e1n\u00ed vide\u00ed na soci\u00e1ln\u00edch s\u00edt\u00edch. Sleduj\u00ed \u00faklidov\u00e1 a organiza\u010dn\u00ed videa, a n\u00e1sledn\u011b obdivuj\u00ed, jak m\u00e1 n\u011bkdo v zahrani\u010d\u00ed dokonal\u00fd a v\u017edy upraven\u00fd domov. Uv\u011bdomte si ale, \u017ee takov\u00fd \u010dlov\u011bk nejsp\u00ed\u0161 nem\u00e1 ani zv\u00ed\u0159ata ani d\u011bti a ve\u0161ker\u00fd \u010das tr\u00e1v\u00ed \u00faklidem. V\u00fdsledkem","datePublished":"2024-02-19","dateModified":"2024-03-20","author":{"@type":"Person","@id":"https:\/\/www.atkno.cz\/author\/#Person","name":"","url":"https:\/\/www.atkno.cz\/author\/","identifier":1,"image":{"@type":"ImageObject","@id":"https:\/\/secure.gravatar.com\/avatar\/a231d13c7dfc9c75f2343f864438f5ab9c0bfebd1aa37dfd3bb16118c04f838c?s=96&d=mm&r=g","url":"https:\/\/secure.gravatar.com\/avatar\/a231d13c7dfc9c75f2343f864438f5ab9c0bfebd1aa37dfd3bb16118c04f838c?s=96&d=mm&r=g","height":96,"width":96}},"publisher":{"@type":"Organization","name":"atkno.cz","logo":{"@type":"ImageObject","@id":"\/logo.png","url":"\/logo.png","width":600,"height":60}},"image":{"@type":"ImageObject","@id":"https:\/\/www.atkno.cz\/wp-content\/uploads\/wardrobe-5969982_640_10_7.jpg","url":"https:\/\/www.atkno.cz\/wp-content\/uploads\/wardrobe-5969982_640_10_7.jpg","height":0,"width":0},"url":"https:\/\/www.atkno.cz\/moc-veci-a-malo-mista\/","about":["Nakupov\u00e1n\u00ed"],"wordCount":419,"articleBody":"      Chcete m\u00edt organizovan\u00fd domov? Mnoho lid\u00ed, a hlavn\u011b zase \u017eeny, si na\u0161lo oblibu ve sledov\u00e1n\u00ed vide\u00ed na soci\u00e1ln\u00edch s\u00edt\u00edch. Sleduj\u00ed \u00faklidov\u00e1 a organiza\u010dn\u00ed videa, a n\u00e1sledn\u011b obdivuj\u00ed, jak m\u00e1 n\u011bkdo v zahrani\u010d\u00ed dokonal\u00fd a v\u017edy upraven\u00fd domov. Uv\u011bdomte si ale, \u017ee takov\u00fd \u010dlov\u011bk nejsp\u00ed\u0161 nem\u00e1 ani zv\u00ed\u0159ata ani d\u011bti a ve\u0161ker\u00fd \u010das tr\u00e1v\u00ed \u00faklidem. V\u00fdsledkem je sice dokonal\u00e9 bydlen\u00ed, ale je to opravdu smysl na\u0161eho \u017eivota?Abyste si mohli dovolit nakupovat spoustu oble\u010den\u00ed, bot a dopl\u0148k\u016f, je t\u0159eba je m\u00edt kam d\u00e1t. Proto\u017ee pokud budete m\u00edt v\u0161ude krabice s botami, ram\u00ednka a kom\u00ednky oble\u010den\u00ed, nebude to vypadat dob\u0159e. Dostatek \u00falo\u017en\u00e9ho prostoru je st\u011b\u017eejn\u00ed pro to abyste m\u011bli dom\u00e1cnost organizovanou. Pokud byste m\u011bli m\u00e1lo sk\u0159\u00edn\u00ed a komod, bude to probl\u00e9m, a \u010d\u00e1st v\u011bc\u00ed byste museli nekompromisn\u011b vy\u0159adit. Abyste se tomu vyhnuli, mus\u00edte si zorganizovat \u00falo\u017en\u00e9 prostory. Mnoho lid\u00ed d\u00e1v\u00e1 p\u0159ednost samostatn\u00e9 m\u00edstnosti kterou pou\u017e\u00edvaj\u00ed jako \u0161atnu, a nikde jinde sk\u0159\u00edn\u011b s oble\u010den\u00edm nemaj\u00ed, ale ne ka\u017ed\u00fd na to m\u00e1 doma prostory.Ide\u00e1ln\u00ed jsou vestav\u011bn\u00e9 sk\u0159\u00edn\u011b, kter\u00e9 si m\u016f\u017eete nakonfigurovat na na\u0161em webu. M\u016f\u017eete si vybrat nejen rozm\u011bry a tvar, ale m\u016f\u017eete si vybrat i design a vnit\u0159n\u00ed \u010dlen\u011bn\u00ed. N\u00e1bytek na m\u00edru je ide\u00e1ln\u00ed pro v\u0161echny, kte\u0159\u00ed si cht\u011bj\u00ed vytvo\u0159it vlastn\u00ed sk\u0159\u00edn\u011b a v obchod\u011b nena\u0161li nic, co by alespo\u0148 trochu odpov\u00eddalo jejich p\u0159edstav\u00e1m o kvalitn\u00ed sk\u0159\u00edni.Nechte si u n\u00e1s vyrobit sk\u0159\u00edn\u011b nejen pro sebe, ale i pro sv\u00e9 d\u011bti. Nab\u00edz\u00edme i modern\u00ed barevn\u00e9 designy, kter\u00e9 jsou vhodn\u00e9 pr\u00e1v\u011b pro d\u011bti. Pro sebe si m\u016f\u017eete vybrat t\u0159eba minimalistick\u00e9 barvy, kter\u00e9 budou ladit s jak\u00fdmkoliv bytov\u00fdm dopl\u0148kem. Vyu\u017eijte mo\u017enost nechat si vyrobit kvalitn\u00ed n\u00e1bytek, kter\u00fd je vhodn\u00fd do mal\u00fdch i velk\u00fdch prostor. Tento typ sk\u0159\u00edn\u00ed vypad\u00e1 dob\u0159e, tak\u017ee kr\u00e1sn\u011b dopln\u00ed modern\u00ed i star\u0161\u00ed interi\u00e9r a hlavn\u011b se do n\u00ed vejce spousta v\u011bc\u00ed, kter\u00e9 pot\u0159ebujete ulo\u017eit.                                                                                                                                                                                                                                                                                                                                                                                          4.7\/5 - (9 votes)        You may also likeDne\u0161n\u00ed doba je psychicky n\u00e1ro\u010dn\u00e1Erekce nejsou jist\u00e9Ochutnejte n\u00e1pln\u011b do elektronick\u00fdch cigaret z na\u0161eho e-shopu"},{"@context":"https:\/\/schema.org\/","@type":"BreadcrumbList","itemListElement":[{"@type":"ListItem","position":1,"name":"Moc v\u011bc\u00ed a m\u00e1lo m\u00edsta","item":"https:\/\/www.atkno.cz\/moc-veci-a-malo-mista\/#breadcrumbitem"}]}]