[{"@context":"https:\/\/schema.org\/","@type":"Article","@id":"https:\/\/www.atkno.cz\/plesove-saty-si-muzete-i-vypujcit\/#Article","mainEntityOfPage":"https:\/\/www.atkno.cz\/plesove-saty-si-muzete-i-vypujcit\/","headline":"Plesov\u00e9 \u0161aty si m\u016f\u017eete i vyp\u016fj\u010dit","name":"Plesov\u00e9 \u0161aty si m\u016f\u017eete i vyp\u016fj\u010dit","description":"Jestli\u017ee nav\u0161t\u00edv\u00edte p\u016fj\u010dovnu plesov\u00fdch \u0161at\u016f v Praze https:\/\/www.svatebni-saty-spolecenske-plesove.cz\/plesove-saty-na-miru-i-to-je-v-praze-mozne, m\u00e1te mo\u017enost si odtud odn\u00e9st kr\u00e1sn\u00e9 od\u011bvn\u00ed v\u00fdrobky, co poslou\u017e\u00ed va\u0161emu dov\u00e1d\u011bn\u00ed na tane\u010dn\u00edm parketu i mimo Prahu. V\u00edte o tom, \u017ee zatan\u010dit si m\u016f\u017eete i v okol\u00ed Prahy v okresn\u00edm m\u011bst\u011b Kladn\u011b? M\u00e1te-li mo\u017enost a z\u00e1jem zajet do Kladna, proj\u00edt se t\u0159eba po Lap\u00e1ku po lesn\u00edch","datePublished":"2024-11-27","dateModified":"2024-11-27","author":{"@type":"Person","@id":"https:\/\/www.atkno.cz\/author\/#Person","name":"","url":"https:\/\/www.atkno.cz\/author\/","identifier":1,"image":{"@type":"ImageObject","@id":"https:\/\/secure.gravatar.com\/avatar\/a231d13c7dfc9c75f2343f864438f5ab9c0bfebd1aa37dfd3bb16118c04f838c?s=96&d=mm&r=g","url":"https:\/\/secure.gravatar.com\/avatar\/a231d13c7dfc9c75f2343f864438f5ab9c0bfebd1aa37dfd3bb16118c04f838c?s=96&d=mm&r=g","height":96,"width":96}},"publisher":{"@type":"Organization","name":"atkno.cz","logo":{"@type":"ImageObject","@id":"\/logo.png","url":"\/logo.png","width":600,"height":60}},"image":{"@type":"ImageObject","@id":"https:\/\/www.atkno.cz\/wp-content\/uploads\/evening-dress-4636437_640_10_8.jpg","url":"https:\/\/www.atkno.cz\/wp-content\/uploads\/evening-dress-4636437_640_10_8.jpg","height":0,"width":0},"url":"https:\/\/www.atkno.cz\/plesove-saty-si-muzete-i-vypujcit\/","about":["Business"],"wordCount":444,"articleBody":"      Jestli\u017ee nav\u0161t\u00edv\u00edte p\u016fj\u010dovnu plesov\u00fdch \u0161at\u016f v Praze https:\/\/www.svatebni-saty-spolecenske-plesove.cz\/plesove-saty-na-miru-i-to-je-v-praze-mozne, m\u00e1te mo\u017enost si odtud odn\u00e9st kr\u00e1sn\u00e9 od\u011bvn\u00ed v\u00fdrobky, co poslou\u017e\u00ed va\u0161emu dov\u00e1d\u011bn\u00ed na tane\u010dn\u00edm parketu i mimo Prahu. V\u00edte o tom, \u017ee zatan\u010dit si m\u016f\u017eete i v okol\u00ed Prahy v okresn\u00edm m\u011bst\u011b Kladn\u011b? M\u00e1te-li mo\u017enost a z\u00e1jem zajet do Kladna, proj\u00edt se t\u0159eba po Lap\u00e1ku po lesn\u00edch p\u011b\u0161in\u00e1ch, anebo zav\u00edtat na kladensk\u00fd Bresson obklopen\u00fd lesy, t\u0159eba v\u00e1s tu tamn\u00ed prost\u0159ed\u00ed zaujme tak, jako zaujalo n\u011bkoho jin\u00e9ho p\u0159ed v\u00e1mi. Mo\u017en\u00e1 tak\u00e9 zjist\u00edte, \u017ee bydlen\u00ed na Bresson\u011b \u010di na Ostrovci v\u00e1m umo\u017en\u00ed bl\u00edzk\u00fd kontakt s p\u0159\u00edrodou, tak\u017ee se tam t\u0159eba i p\u0159est\u011bhujete, a jste-li milovn\u00edky tance, ten si v Kladn\u011b u\u017eijete v Kulturn\u00edm dom\u011b na S\u00edtn\u00e9. Tamn\u00ed kultur\u00e1k byl slavnostn\u011b uveden do provozu prvn\u00edho kv\u011btna v roce 1973 a od t\u00e9 doby se tu po\u0159\u00e1daj\u00ed mimo jin\u00e9 i plesy. I dnes je velk\u00fd tane\u010dn\u00ed s\u00e1l k dispozici \u0161irok\u00e9 ve\u0159ejnosti, a to nejen pro maturitn\u00ed plesy kladensk\u00fdch \u0161kol, ale i pro jin\u00e9 akce. Plesov\u00e9 \u0161aty v Kladn\u011b vyu\u017eijete nap\u0159\u00edklad v plesov\u00e9 sez\u00f3n\u011b v zimn\u00edch m\u011bs\u00edc\u00edch, ta za\u010d\u00edn\u00e1 v\u017edy za\u010d\u00e1tkem ledna kon\u010d\u00ed v\u011bt\u0161inou a\u017e v b\u0159eznu. Plesov\u00e9 \u0161aty se v\u00e1m ov\u0161em mohou hodit i na svatbu, na promoci, na maturitn\u00ed ve\u010d\u00edrek nebo na oslavu narozenin \u010di n\u011bjakou firemn\u00ed akci. A jestli\u017ee nem\u00e1te z\u00e1jem \u0161aty kupovat a v\u00edte, \u017ee je vyu\u017eijete sp\u00ed\u0161e mimo\u0159\u00e1dn\u011b a nep\u0159\u00edli\u0161 \u010dasto, m\u016f\u017ee b\u00fdt pro v\u00e1s pron\u00e1jem \u0161at\u016f vhodn\u00fdm \u0159e\u0161en\u00edm. Z\u00e1rove\u0148 bychom v\u00e1m r\u00e1di nazna\u010dili, \u017ee je t\u0159eba kl\u00e1st velk\u00fd d\u016fraz na tane\u010dn\u00ed obuv. Chcete-li tan\u010dit v b\u011b\u017en\u00fdch vych\u00e1zkov\u00fdch p\u00e1skov\u00fdch sand\u00e1lech, nebude to zrovna nejlep\u0161\u00ed \u0159e\u0161en\u00ed, proto\u017ee vych\u00e1zkov\u00e9 boty nejsou stav\u011bn\u00e9 pro zna\u010dnou z\u00e1t\u011b\u017e na tane\u010dn\u00edm parketu. Tane\u010dn\u00ed obuv b\u00fdv\u00e1 zm\u011bk\u010den\u00e1 a konstruovan\u00e1 tak, aby p\u0159in\u00e1\u0161ela jist\u00e9 pohodl\u00ed a komfort. Je sice dra\u017e\u0161\u00ed, ale pokud chcete tan\u010dit \u010dast\u011bji \u010di dokonce aktivn\u011b, tato investice se vyplat\u00ed.                                                                                                                                                                                                                                                                                                                                                                                          3.4\/5 - (7 votes)        You may also likePro\u010d darovat z\u00e1\u017eitekNov\u00e9 auto bez kompromis\u016fSt\u011bhov\u00e1n\u00ed va\u0161\u00ed firmy oznamte zam\u011bstnanc\u016fm v\u010das"},{"@context":"https:\/\/schema.org\/","@type":"BreadcrumbList","itemListElement":[{"@type":"ListItem","position":1,"name":"Plesov\u00e9 \u0161aty si m\u016f\u017eete i vyp\u016fj\u010dit","item":"https:\/\/www.atkno.cz\/plesove-saty-si-muzete-i-vypujcit\/#breadcrumbitem"}]}]